{"id":2941,"date":"2026-03-12T19:31:34","date_gmt":"2026-03-12T18:31:34","guid":{"rendered":"https:\/\/www.sindacatolrm.eu\/?p=2941"},"modified":"2026-03-12T20:04:14","modified_gmt":"2026-03-12T19:04:14","slug":"sanita-militare-libera-rappresentanza-dei-militari-riforma-ancora-lontana-dalle-esigenze-del-personale","status":"publish","type":"post","link":"https:\/\/www.sindacatolrm.eu\/index.php\/2026\/03\/12\/sanita-militare-libera-rappresentanza-dei-militari-riforma-ancora-lontana-dalle-esigenze-del-personale\/","title":{"rendered":"Sanit\u00e0 militare: Libera Rappresentanza dei Militari, \u201criforma ancora lontana dalle esigenze del personale\u201d"},"content":{"rendered":"\n<p class=\"wp-block-paragraph\">Apprezzamento per l\u2019attenzione delle Commissioni parlamentari sulle progressioni di carriera e sulla valorizzazione dei gradi, ma restano forti perplessit\u00e0 sull\u2019impianto della riforma.<\/p>\n\n\n\n<p class=\"wp-block-paragraph\">Libera Rappresentanza dei Militari desidera innanzitutto ringraziare la Commissione Difesa e la Commissione Esteri per aver preso in considerazione le nostre istanze presentate, in particolare per quanto riguarda le progressioni di carriera e la valorizzazione di tutti i gradi. Si tratta di temi centrali per il personale militare e per il corretto sviluppo professionale all\u2019interno delle Forze armate, che sono stati recepiti e inseriti nella relazione e nel parere delle stesse Commissioni.<\/p>\n\n\n\n<p class=\"wp-block-paragraph\">Pur prendendo atto del lavoro svolto nel corso dell\u2019iter parlamentare, si deve tuttavia constatare che il provvedimento in esame \u2013 trattandosi di una legge delega \u2013 rimanda ai successivi decreti attuativi la definizione concreta delle regole e delle modalit\u00e0 di funzionamento. Proprio per questo motivo, alcune delle attuali previsioni normative continuano a lasciare perplesse le associazioni sindacali del comparto.<\/p>\n\n\n\n<p class=\"wp-block-paragraph\">Ulteriore elemento che l\u2019attuale riforma ignora del tutto riguarda le figure degli OLS, che non vengono valorizzate concretamente per l\u2019auspicato passaggio ad OSS, n\u00e9 vengono superate le criticit\u00e0 relative agli attuali limiti di et\u00e0 e alle farraginose procedure limitative per il transito alle successive categorie e ruoli. Permangono inoltre forti criticit\u00e0 rispetto alla valorizzazione dei titoli posseduti dal personale, indipendentemente dal grado rivestito.<\/p>\n\n\n\n<p class=\"wp-block-paragraph\">Per queste ragioni Libera Rappresentanza dei Militari ha aderito al comunicato stampa congiunto sottoscritto insieme alle altre sigle sindacali, con l\u2019obiettivo di rappresentare in modo unitario le criticit\u00e0 emerse e le preoccupazioni del personale.<\/p>\n\n\n\n<p class=\"wp-block-paragraph\">Di seguito il comunicato stampa congiunto:<\/p>\n\n\n\n<div data-wp-interactive=\"core\/file\" class=\"wp-block-file\"><object data-wp-bind--hidden=\"!state.hasPdfPreview\" hidden class=\"wp-block-file__embed\" data=\"https:\/\/www.sindacatolrm.eu\/wp-content\/uploads\/2026\/03\/COMUNICATO-STAMPA-APCSM-SU-SANITA-MILITARE.pdf\" type=\"application\/pdf\" style=\"width:100%;height:600px\" aria-label=\"Incorporamento di COMUNICATO STAMPA APCSM.\"><\/object><a id=\"wp-block-file--media-0b1ac9fb-e1c2-417d-9dac-ee5d698fe487\" href=\"https:\/\/www.sindacatolrm.eu\/wp-content\/uploads\/2026\/03\/COMUNICATO-STAMPA-APCSM-SU-SANITA-MILITARE.pdf\">COMUNICATO STAMPA APCSM<\/a><a href=\"https:\/\/www.sindacatolrm.eu\/wp-content\/uploads\/2026\/03\/COMUNICATO-STAMPA-APCSM-SU-SANITA-MILITARE.pdf\" class=\"wp-block-file__button wp-element-button\" download aria-describedby=\"wp-block-file--media-0b1ac9fb-e1c2-417d-9dac-ee5d698fe487\">Download<\/a><\/div>\n\n\n\n<p class=\"wp-block-paragraph\">Libera Rappresentanza sempre pronta a rappresentare le istanze degli iscritti.<\/p>\n\n\n\n<p class=\"wp-block-paragraph\"><a href=\"https:\/\/www.sindacatolrm.eu\/index.php\/iscriviti\/\">Unisciti alle nostre battaglie per gli interessi collettivi. Il futuro \u00e8 oggi, iscriviti a L.R.M. e dai voce ai tuoi diritti.<\/a><\/p>\n\n\n\n<p class=\"wp-block-paragraph\"><\/p>\n","protected":false},"excerpt":{"rendered":"<p>Apprezzamento per l\u2019attenzione delle Commissioni parlamentari sulle progressioni di carriera e sulla valorizzazione dei gradi, ma restano forti perplessit\u00e0 sull\u2019impianto della riforma. Libera Rappresentanza dei Militari desidera innanzitutto ringraziare la Commissione Difesa e la Commissione Esteri per aver preso in considerazione le nostre istanze presentate, in particolare per quanto riguarda le progressioni di carriera e [&hellip;]<\/p>\n","protected":false},"author":1,"featured_media":2942,"comment_status":"open","ping_status":"open","sticky":false,"template":"","format":"standard","meta":{"_crdt_document":"","_uag_custom_page_level_css":"","footnotes":""},"categories":[1],"tags":[],"class_list":["post-2941","post","type-post","status-publish","format-standard","has-post-thumbnail","hentry","category-liberanews"],"uagb_featured_image_src":{"full":["https:\/\/www.sindacatolrm.eu\/wp-content\/uploads\/2026\/03\/immagine-sanita.png",1536,1024,false],"thumbnail":["https:\/\/www.sindacatolrm.eu\/wp-content\/uploads\/2026\/03\/immagine-sanita-150x150.png",150,150,true],"medium":["https:\/\/www.sindacatolrm.eu\/wp-content\/uploads\/2026\/03\/immagine-sanita-300x200.png",300,200,true],"medium_large":["https:\/\/www.sindacatolrm.eu\/wp-content\/uploads\/2026\/03\/immagine-sanita-768x512.png",640,427,true],"large":["https:\/\/www.sindacatolrm.eu\/wp-content\/uploads\/2026\/03\/immagine-sanita-1024x683.png",640,427,true],"1536x1536":["https:\/\/www.sindacatolrm.eu\/wp-content\/uploads\/2026\/03\/immagine-sanita.png",1536,1024,false],"2048x2048":["https:\/\/www.sindacatolrm.eu\/wp-content\/uploads\/2026\/03\/immagine-sanita.png",1536,1024,false],"cf_profile_square":["https:\/\/www.sindacatolrm.eu\/wp-content\/uploads\/2026\/03\/immagine-sanita.png",420,280,false]},"uagb_author_info":{"display_name":"Aniello Amedeo Mancuso","author_link":"https:\/\/www.sindacatolrm.eu\/index.php\/author\/anielloamedeo\/"},"uagb_comment_info":0,"uagb_excerpt":"Apprezzamento per l\u2019attenzione delle Commissioni parlamentari sulle progressioni di carriera e sulla valorizzazione dei gradi, ma restano forti perplessit\u00e0 sull\u2019impianto della riforma. Libera Rappresentanza dei Militari desidera innanzitutto ringraziare la Commissione Difesa e la Commissione Esteri per aver preso in considerazione le nostre istanze presentate, in particolare per quanto riguarda le progressioni di carriera e&hellip;","_links":{"self":[{"href":"https:\/\/www.sindacatolrm.eu\/index.php\/wp-json\/wp\/v2\/posts\/2941","targetHints":{"allow":["GET"]}}],"collection":[{"href":"https:\/\/www.sindacatolrm.eu\/index.php\/wp-json\/wp\/v2\/posts"}],"about":[{"href":"https:\/\/www.sindacatolrm.eu\/index.php\/wp-json\/wp\/v2\/types\/post"}],"author":[{"embeddable":true,"href":"https:\/\/www.sindacatolrm.eu\/index.php\/wp-json\/wp\/v2\/users\/1"}],"replies":[{"embeddable":true,"href":"https:\/\/www.sindacatolrm.eu\/index.php\/wp-json\/wp\/v2\/comments?post=2941"}],"version-history":[{"count":2,"href":"https:\/\/www.sindacatolrm.eu\/index.php\/wp-json\/wp\/v2\/posts\/2941\/revisions"}],"predecessor-version":[{"id":2945,"href":"https:\/\/www.sindacatolrm.eu\/index.php\/wp-json\/wp\/v2\/posts\/2941\/revisions\/2945"}],"wp:featuredmedia":[{"embeddable":true,"href":"https:\/\/www.sindacatolrm.eu\/index.php\/wp-json\/wp\/v2\/media\/2942"}],"wp:attachment":[{"href":"https:\/\/www.sindacatolrm.eu\/index.php\/wp-json\/wp\/v2\/media?parent=2941"}],"wp:term":[{"taxonomy":"category","embeddable":true,"href":"https:\/\/www.sindacatolrm.eu\/index.php\/wp-json\/wp\/v2\/categories?post=2941"},{"taxonomy":"post_tag","embeddable":true,"href":"https:\/\/www.sindacatolrm.eu\/index.php\/wp-json\/wp\/v2\/tags?post=2941"}],"curies":[{"name":"wp","href":"https:\/\/api.w.org\/{rel}","templated":true}]}}